[{"@context":"https:\/\/schema.org\/","@type":"Article","@id":"https:\/\/www.skreta.cz\/vzpominky-na-svoje-prvni-zacatky\/#Article","mainEntityOfPage":"https:\/\/www.skreta.cz\/vzpominky-na-svoje-prvni-zacatky\/","headline":"Vzpom\u00ednky na svoje prvn\u00ed za\u010d\u00e1tky","name":"Vzpom\u00ednky na svoje prvn\u00ed za\u010d\u00e1tky","description":"Posledn\u00ed dobou jsem velice za\u010dala p\u0159em\u00fd\u0161let nad t\u00edm, jak\u00e9 to bylo, kdy\u017e jsem sed\u011bla v auto\u0161kole. Bylo to velice zaj\u00edmav\u00e9 a za\u010dala jsem hodn\u011b p\u0159em\u00fd\u0161let jinak o ot\u00e1zk\u00e1ch, kter\u00e9 tam byly. Sice je pravdou, \u017ee u\u017e je to skoro 10 let, co m\u00e1m \u0159idi\u010dsk\u00e9 opr\u00e1vn\u011bn\u00ed, ale mohu se popravd\u011b p\u0159iznat, \u017ee si u\u017e ani moc...<p class=\"more-link-wrap\"><a href=\"https:\/\/www.skreta.cz\/vzpominky-na-svoje-prvni-zacatky\/\" class=\"more-link\">P\u0159e\u010d\u00edst<span class=\"screen-reader-text\"> &ldquo;Vzpom\u00ednky na svoje prvn\u00ed za\u010d\u00e1tky&rdquo;<\/span> &raquo;<\/a><\/p>","datePublished":"2024-06-29","dateModified":"2024-06-29","author":{"@type":"Person","@id":"https:\/\/www.skreta.cz\/author\/devene\/#Person","name":"devene","url":"https:\/\/www.skreta.cz\/author\/devene\/","identifier":1,"image":{"@type":"ImageObject","@id":"https:\/\/secure.gravatar.com\/avatar\/bf8a2da9791e94b6eb5cec245ee5eeceecb651e79e829278e2c546441579397e?s=96&d=mm&r=g","url":"https:\/\/secure.gravatar.com\/avatar\/bf8a2da9791e94b6eb5cec245ee5eeceecb651e79e829278e2c546441579397e?s=96&d=mm&r=g","height":96,"width":96}},"publisher":{"@type":"Organization","name":"skreta.cz","logo":{"@type":"ImageObject","@id":"\/logo.png","url":"\/logo.png","width":600,"height":60}},"image":{"@type":"ImageObject","@id":"https:\/\/www.skreta.cz\/wp-content\/uploads\/%C5%BEena%20v%20aut%C4%9B_4.jpg","url":"https:\/\/www.skreta.cz\/wp-content\/uploads\/%C5%BEena%20v%20aut%C4%9B_4.jpg","height":0,"width":0},"url":"https:\/\/www.skreta.cz\/vzpominky-na-svoje-prvni-zacatky\/","about":["Auto"],"wordCount":448,"articleBody":"Posledn\u00ed dobou jsem velice za\u010dala p\u0159em\u00fd\u0161let nad t\u00edm, jak\u00e9 to bylo, kdy\u017e jsem sed\u011bla v auto\u0161kole. Bylo to velice zaj\u00edmav\u00e9 a za\u010dala jsem hodn\u011b p\u0159em\u00fd\u0161let jinak o ot\u00e1zk\u00e1ch, kter\u00e9 tam byly. Sice je pravdou, \u017ee u\u017e je to skoro 10 let, co m\u00e1m \u0159idi\u010dsk\u00e9 opr\u00e1vn\u011bn\u00ed, ale mohu se popravd\u011b p\u0159iznat, \u017ee si u\u017e ani moc nevzpom\u00edn\u00e1m, jak\u00e9 ot\u00e1zky tam byly, proto\u017ee jich tam bylo hodn\u011b. Nejsem ten typ, \u017ee bych si to t\u0159eba opakovala, proto\u017ee u\u017e jak dlouho \u0159\u00edd\u00edm, tak jezd\u00edm automaticky a u\u017e tak nevn\u00edm\u00e1m, co se d\u011bje okolo. Sice by bylo vhodn\u00e9 si ty testy kolikr\u00e1t opakovat, i p\u0159esto \u017ee u\u017e \u010dlov\u011bk \u0159idi\u010dsk\u00e9 opr\u00e1vn\u011bn\u00ed d\u00e1vno m\u00e1, proto\u017ee mohou p\u0159ib\u00fdt nov\u00e9 ot\u00e1zky a nov\u00e9 dopravn\u00ed zna\u010dky, kter\u00e9 je pot\u0159eba, aby \u010dlov\u011bk znal.I p\u0159esto, \u017ee je v na\u0161em m\u011bst\u011b to, jak kdyby po\u0159\u00e1d stejn\u00e9, tak nem\u00e1m nad \u010d\u00edm p\u0159em\u00fd\u0161let, proto\u017ee se nic moc nem\u011bn\u00ed, ale v\u011b\u0159\u00edm, \u017ee t\u0159eba v jin\u00fdch m\u011bstech se dopravn\u00ed zna\u010dky r\u016fzn\u011b m\u011bn\u00ed nebo se r\u016fzn\u011b m\u011bn\u00ed silnice a r\u016fzn\u00e9 cesty, tak ur\u010dit\u011b je pot\u0159eba, aby \u010dlov\u011bk znal v\u0161echny dopravn\u00ed zna\u010dky a aby ho n\u011bjak\u00e1 dopravn\u00ed zna\u010dka t\u0159eba nep\u0159ekvapila. Mn\u011b se tohle st\u00e1t nem\u016f\u017ee, proto\u017ee m\u011b to nep\u0159ekvap\u00ed, u n\u00e1s je to po\u0159\u00e1d stejn\u00e9, ale rozhodn\u011b, kdybych vyjela n\u011bkam jinam, tak u\u017e bych asi musela hodn\u011b p\u0159em\u00fd\u0161let. Kdy\u017e si ale vzpomenu na ty svoje prvn\u00ed za\u010d\u00e1tky, tak to byla opravdu velk\u00e1 z\u00e1hada, proto\u017ee jsem m\u011bla pocit, jako kdybych to nezvl\u00e1dla.M\u011bla jsem pocit, \u017ee ty testy ani ned\u00e1m, proto\u017ee byly opravdu n\u00e1ro\u010dn\u00e9, ale dala jsem to, a te\u010f vlastn\u011b si to sv\u00fdm zp\u016fsobem ani nepamatuji a sp\u00ed\u0161 na to jen vzpom\u00edn\u00e1m, kolik jsem toho musela vytrp\u011bt a \u010d\u00edm jsem musela proj\u00edt, abych ten \u0159idi\u010dsk\u00fd pr\u016fkaz m\u011bla. Proto je pot\u0159eba, aby si \u010dlov\u011bk toho v\u00e1\u017eil, jezdil opatrn\u011b a hlavn\u011b opatrn\u011b, abychom n\u011bkoho nezranili a abychom se s n\u011bk\u00fdm hlavn\u011b nesrazili. \u017dijeme jen jednou, proto si mus\u00edme v\u00e1\u017eit ka\u017ed\u00e9 na\u0161\u00ed minutky na\u0161eho \u017eivota, proto\u017ee nikdy nev\u00edme, co se n\u00e1m b\u011bhem chv\u00edle m\u016f\u017ee st\u00e1t, a proto je hlavn\u011b d\u016fle\u017eit\u00e9 jezdit opatrn\u011b.                                                                                                                                                                                                                                                                                                                                                                                                "},{"@context":"https:\/\/schema.org\/","@type":"BreadcrumbList","itemListElement":[{"@type":"ListItem","position":1,"name":"Vzpom\u00ednky na svoje prvn\u00ed za\u010d\u00e1tky","item":"https:\/\/www.skreta.cz\/vzpominky-na-svoje-prvni-zacatky\/#breadcrumbitem"}]}]