[{"@context":"https:\/\/schema.org\/","@type":"Article","@id":"https:\/\/www.skreta.cz\/vybavte-pokojicek-pro-sve-miminko\/#Article","mainEntityOfPage":"https:\/\/www.skreta.cz\/vybavte-pokojicek-pro-sve-miminko\/","headline":"Vybavte pokoj\u00ed\u010dek pro sv\u00e9 miminko","name":"Vybavte pokoj\u00ed\u010dek pro sv\u00e9 miminko","description":"Snad ka\u017ed\u00e1 maminka se t\u011b\u0161\u00ed na p\u0159\u00edchod sv\u00e9ho miminka a na v\u0161echny p\u0159\u00edpravy s t\u00edm spojen\u00e9. Pro prvorodi\u010dky je tento z\u00e1\u017eitek o mali\u010dko siln\u011bj\u0161\u00ed, proto\u017ee vlastn\u011b nev\u00ed, do \u010deho jdou a tak piln\u011b studuj\u00ed knihy, \u010dasopisy a nejr\u016fzn\u011bj\u0161\u00ed \u010dl\u00e1nky, aby se na sv\u00e9ho drobe\u010dka n\u00e1le\u017eit\u011b p\u0159ipravily. V\u00edce\u010detn\u00e9 maminky u\u017e nemaj\u00ed s dal\u0161\u00ed ratolest\u00ed doma tolik...<p class=\"more-link-wrap\"><a href=\"https:\/\/www.skreta.cz\/vybavte-pokojicek-pro-sve-miminko\/\" class=\"more-link\">P\u0159e\u010d\u00edst<span class=\"screen-reader-text\"> &ldquo;Vybavte pokoj\u00ed\u010dek pro sv\u00e9 miminko&rdquo;<\/span> &raquo;<\/a><\/p>","datePublished":"2022-09-10","dateModified":"2023-05-03","author":{"@type":"Person","@id":"https:\/\/www.skreta.cz\/author\/devene\/#Person","name":"devene","url":"https:\/\/www.skreta.cz\/author\/devene\/","identifier":1,"image":{"@type":"ImageObject","@id":"https:\/\/secure.gravatar.com\/avatar\/bf8a2da9791e94b6eb5cec245ee5eeceecb651e79e829278e2c546441579397e?s=96&d=mm&r=g","url":"https:\/\/secure.gravatar.com\/avatar\/bf8a2da9791e94b6eb5cec245ee5eeceecb651e79e829278e2c546441579397e?s=96&d=mm&r=g","height":96,"width":96}},"publisher":{"@type":"Organization","name":"skreta.cz","logo":{"@type":"ImageObject","@id":"\/logo.png","url":"\/logo.png","width":600,"height":60}},"image":{"@type":"ImageObject","@id":"https:\/\/www.skreta.cz\/wp-content\/uploads\/baby-shower-g87500cec4_640.jpg","url":"https:\/\/www.skreta.cz\/wp-content\/uploads\/baby-shower-g87500cec4_640.jpg","height":0,"width":0},"url":"https:\/\/www.skreta.cz\/vybavte-pokojicek-pro-sve-miminko\/","about":["Zbo\u017e\u00ed"],"wordCount":417,"articleBody":"         Snad ka\u017ed\u00e1 maminka se t\u011b\u0161\u00ed na p\u0159\u00edchod sv\u00e9ho miminka a na v\u0161echny p\u0159\u00edpravy s t\u00edm spojen\u00e9. Pro prvorodi\u010dky je tento z\u00e1\u017eitek o mali\u010dko siln\u011bj\u0161\u00ed, proto\u017ee vlastn\u011b nev\u00ed, do \u010deho jdou a tak piln\u011b studuj\u00ed knihy, \u010dasopisy a nejr\u016fzn\u011bj\u0161\u00ed \u010dl\u00e1nky, aby se na sv\u00e9ho drobe\u010dka n\u00e1le\u017eit\u011b p\u0159ipravily. V\u00edce\u010detn\u00e9 maminky u\u017e nemaj\u00ed s dal\u0161\u00ed ratolest\u00ed doma tolik prostoru, ale ur\u010dit\u011b nic nezanedbaj\u00ed a ve chv\u00edl\u00edch volna tak\u00e9 p\u0159em\u00fd\u0161l\u00ed nad t\u00edm, co bude zapot\u0159eb\u00ed dokoupit, sehnat, kde postavit v pokoj\u00ed\u010dku post\u00fdlku a kam se v\u00edc hod\u00ed p\u0159ebalovac\u00ed pult.Pro miminko je toho pot\u0159eba opravdu hodn\u011b &#8211; od zm\u00edn\u011bn\u00e9 post\u00fdlky a p\u0159ebalovac\u00edho pultu, se kter\u00fdm se v\u00e1\u017ee p\u0159ebalovac\u00ed podlo\u017eka, plenky, olej\u00ed\u010dky, kr\u00e9my, \u017e\u00ednky a l\u00e1tkov\u00e9 pleny, a\u017e p\u0159es https:\/\/www.emimino.cz\/diskuse\/co-dokoupit-k-vlackodraze-pro-kluka-25-roku-240833\/  oble\u010dky, jejich po\u010dty by se nem\u011bly podcenit. D\u00e1l ov\u0161em tak\u00e9 povle\u010den\u00ed, pogumovan\u00e1 prost\u011bradla, mantinely, p\u0159\u00edpadn\u011b nebesa nebo koloto\u010d nad post\u00fdlku. A\u017e po ty trochu techni\u010dt\u011bj\u0161\u00ed v\u011bci, jako je nap\u0159\u00edklad praktick\u00fd monitor dechu, ods\u00e1va\u010dka na ml\u00e9ko, vyva\u0159ovac\u00ed v\u011b\u017e na lahvi\u010dky, lahvi\u010dky samotn\u00e9 a dal\u0161\u00ed.Mo\u017en\u00e1 n\u011bkoho p\u0159ekvap\u00ed, \u017ee to vlastn\u011b nen\u00ed tolik o dudl\u00edku, plenk\u00e1ch a p\u00e1r oble\u010dc\u00edch, a \u017ee je vlastn\u011b po\u0159\u00edzen\u00ed v\u00fdbavi\u010dky pom\u011brn\u011b n\u00e1kladn\u00ed v\u011bc. Pokud si kupujete nov\u00fd ko\u010d\u00e1rek, p\u0159\u00edpadn\u011b pro zimn\u00ed miminko tak\u00e9 fusaky a kombin\u00e9zy, \u010d\u00e1stka m\u016f\u017ee je\u0161t\u011b trochu povysko\u010dit. A proto je d\u016fle\u017eit\u00e9 v\u011bd\u011bt, kde se d\u00e1 skv\u011bl\u00e1 v\u00fdbavi\u010dka pro miminko sehnat za skv\u011bl\u00e9 ceny! V na\u0161em obchod\u011b najdete v\u0161echno, co budete pot\u0159ebovat &#8211; od oble\u010dk\u016f, p\u0159es nejr\u016fzn\u011bj\u0161\u00ed pot\u0159eby pro kojence &#8211; jako jsou pleny, osu\u0161ky, povle\u010den\u00ed, spac\u00ed pytle, deky do post\u00fdlky i do ko\u010d\u00e1rku a mnoho dal\u0161\u00edho. V\u00edme, \u017ee ob\u010das je pot\u0159eba sehnat n\u011bjak\u00e9 d\u00e1rkov\u00e9 kazety nebo sety pro p\u0159\u00e1tele \u010di p\u0159\u00edbuzn\u00e9, kte\u0159\u00ed tak\u00e9 \u010dekaj\u00ed miminko, a tak jsme p\u0159ipraveni i na tuto situaci. K dispozici jsou r\u016fzn\u00e1 origin\u00e1ln\u00ed body nebo t\u0159eba soupravi\u010dky do porodnice, kter\u00e9 se nast\u00e1vaj\u00edc\u00ed mamince budou ur\u010dit\u011b hodit.                                                                                                                                                                                                                                                                                                                                                                                                  "},{"@context":"https:\/\/schema.org\/","@type":"BreadcrumbList","itemListElement":[{"@type":"ListItem","position":1,"name":"Vybavte pokoj\u00ed\u010dek pro sv\u00e9 miminko","item":"https:\/\/www.skreta.cz\/vybavte-pokojicek-pro-sve-miminko\/#breadcrumbitem"}]}]