[{"@context":"https:\/\/schema.org\/","@type":"Blog","@id":"https:\/\/www.skreta.cz#Blog","headline":"Skreta","description":"\nA\u0165 u\u017e ve sv\u00e9m \u017eivot\u011b \u0159e\u0161\u00edte jak\u00fdkoliv probl\u00e9m, je docela pravd\u011bpodobn\u00e9, \u017ee na n\u011bj najdete pr\u00e1v\u011b na na\u0161ich internetov\u00fdch str\u00e1nk\u00e1ch ide\u00e1ln\u00ed \u0159e\u0161en\u00ed.","url":"https:\/\/www.skreta.cz","hasPart":[{"@type":"Article","@id":"https:\/\/www.skreta.cz\/pevny-material\/","headline":"Pevn\u00fd materi\u00e1l","url":"https:\/\/www.skreta.cz\/pevny-material\/","datePublished":"2022-06-19","dateModified":"2022-06-19","mainEntityOfPage":"https:\/\/www.skreta.cz\/pevny-material\/","author":{"@type":"Person","@id":"https:\/\/www.skreta.cz\/author\/devene\/#Person","name":"devene","url":"https:\/\/www.skreta.cz\/author\/devene\/","identifier":1,"image":{"@type":"ImageObject","@id":"https:\/\/secure.gravatar.com\/avatar\/bf8a2da9791e94b6eb5cec245ee5eeceecb651e79e829278e2c546441579397e?s=96&d=mm&r=g","url":"https:\/\/secure.gravatar.com\/avatar\/bf8a2da9791e94b6eb5cec245ee5eeceecb651e79e829278e2c546441579397e?s=96&d=mm&r=g","height":96,"width":96}},"publisher":{"@type":"Organization","name":"skreta.cz","logo":{"@type":"ImageObject","@id":"\/logo.png","url":"\/logo.png","width":600,"height":60}},"image":{"@type":"ImageObject","@id":"https:\/\/www.skreta.cz\/wp-content\/uploads\/textpfrunger-castle-hamlets-of-ried-3621108__340_1.jpg","url":"https:\/\/www.skreta.cz\/wp-content\/uploads\/textpfrunger-castle-hamlets-of-ried-3621108__340_1.jpg","height":0,"width":0},"wordCount":545,"keywords":null},{"@type":"Article","@id":"https:\/\/www.skreta.cz\/jak-pomaha-online-propagace-firmam\/","headline":"Jak pom\u00e1h\u00e1 online propagace firm\u00e1m?","url":"https:\/\/www.skreta.cz\/jak-pomaha-online-propagace-firmam\/","datePublished":"2022-06-14","dateModified":"2022-06-14","mainEntityOfPage":"https:\/\/www.skreta.cz\/jak-pomaha-online-propagace-firmam\/","author":{"@type":"Person","@id":"https:\/\/www.skreta.cz\/author\/devene\/#Person","name":"devene","url":"https:\/\/www.skreta.cz\/author\/devene\/","identifier":1,"image":{"@type":"ImageObject","@id":"https:\/\/secure.gravatar.com\/avatar\/bf8a2da9791e94b6eb5cec245ee5eeceecb651e79e829278e2c546441579397e?s=96&d=mm&r=g","url":"https:\/\/secure.gravatar.com\/avatar\/bf8a2da9791e94b6eb5cec245ee5eeceecb651e79e829278e2c546441579397e?s=96&d=mm&r=g","height":96,"width":96}},"publisher":{"@type":"Organization","name":"skreta.cz","logo":{"@type":"ImageObject","@id":"\/logo.png","url":"\/logo.png","width":600,"height":60}},"image":{"@type":"ImageObject","@id":"https:\/\/www.skreta.cz\/wp-content\/uploads\/sro_10_10_10_10_3.jpg","url":"https:\/\/www.skreta.cz\/wp-content\/uploads\/sro_10_10_10_10_3.jpg","height":0,"width":0},"wordCount":488,"keywords":null},{"@type":"Article","@id":"https:\/\/www.skreta.cz\/je-svj-pravnicka-osoba\/","headline":"Je SVJ pr\u00e1vnick\u00e1 osoba?","url":"https:\/\/www.skreta.cz\/je-svj-pravnicka-osoba\/","datePublished":"2022-06-12","dateModified":"2022-06-12","mainEntityOfPage":"https:\/\/www.skreta.cz\/je-svj-pravnicka-osoba\/","author":{"@type":"Person","@id":"https:\/\/www.skreta.cz\/author\/devene\/#Person","name":"devene","url":"https:\/\/www.skreta.cz\/author\/devene\/","identifier":1,"image":{"@type":"ImageObject","@id":"https:\/\/secure.gravatar.com\/avatar\/bf8a2da9791e94b6eb5cec245ee5eeceecb651e79e829278e2c546441579397e?s=96&d=mm&r=g","url":"https:\/\/secure.gravatar.com\/avatar\/bf8a2da9791e94b6eb5cec245ee5eeceecb651e79e829278e2c546441579397e?s=96&d=mm&r=g","height":96,"width":96}},"publisher":{"@type":"Organization","name":"skreta.cz","logo":{"@type":"ImageObject","@id":"\/logo.png","url":"\/logo.png","width":600,"height":60}},"image":{"@type":"ImageObject","@id":"https:\/\/www.skreta.cz\/wp-content\/uploads\/panelak4_3.jpg","url":"https:\/\/www.skreta.cz\/wp-content\/uploads\/panelak4_3.jpg","height":0,"width":0},"wordCount":582,"keywords":null},{"@type":"Article","@id":"https:\/\/www.skreta.cz\/u-auta-to-neni-jen-o-tom-jestli-jezdi\/","headline":"U auta to nen\u00ed jen o tom, jestli jezd\u00ed","url":"https:\/\/www.skreta.cz\/u-auta-to-neni-jen-o-tom-jestli-jezdi\/","datePublished":"2022-06-01","dateModified":"2023-05-03","mainEntityOfPage":"https:\/\/www.skreta.cz\/u-auta-to-neni-jen-o-tom-jestli-jezdi\/","author":{"@type":"Person","@id":"https:\/\/www.skreta.cz\/author\/devene\/#Person","name":"devene","url":"https:\/\/www.skreta.cz\/author\/devene\/","identifier":1,"image":{"@type":"ImageObject","@id":"https:\/\/secure.gravatar.com\/avatar\/bf8a2da9791e94b6eb5cec245ee5eeceecb651e79e829278e2c546441579397e?s=96&d=mm&r=g","url":"https:\/\/secure.gravatar.com\/avatar\/bf8a2da9791e94b6eb5cec245ee5eeceecb651e79e829278e2c546441579397e?s=96&d=mm&r=g","height":96,"width":96}},"publisher":{"@type":"Organization","name":"skreta.cz","logo":{"@type":"ImageObject","@id":"\/logo.png","url":"\/logo.png","width":600,"height":60}},"image":{"@type":"ImageObject","@id":"https:\/\/www.skreta.cz\/wp-content\/uploads\/aut.PNG","url":"https:\/\/www.skreta.cz\/wp-content\/uploads\/aut.PNG","height":0,"width":0},"wordCount":650,"keywords":null},{"@type":"Article","@id":"https:\/\/www.skreta.cz\/moda-pro-nas\/","headline":"M\u00f3da pro n\u00e1s","url":"https:\/\/www.skreta.cz\/moda-pro-nas\/","datePublished":"2022-05-31","dateModified":"2023-05-03","mainEntityOfPage":"https:\/\/www.skreta.cz\/moda-pro-nas\/","author":{"@type":"Person","@id":"https:\/\/www.skreta.cz\/author\/devene\/#Person","name":"devene","url":"https:\/\/www.skreta.cz\/author\/devene\/","identifier":1,"image":{"@type":"ImageObject","@id":"https:\/\/secure.gravatar.com\/avatar\/bf8a2da9791e94b6eb5cec245ee5eeceecb651e79e829278e2c546441579397e?s=96&d=mm&r=g","url":"https:\/\/secure.gravatar.com\/avatar\/bf8a2da9791e94b6eb5cec245ee5eeceecb651e79e829278e2c546441579397e?s=96&d=mm&r=g","height":96,"width":96}},"publisher":{"@type":"Organization","name":"skreta.cz","logo":{"@type":"ImageObject","@id":"\/logo.png","url":"\/logo.png","width":600,"height":60}},"image":{"@type":"ImageObject","@id":"https:\/\/www.skreta.cz\/wp-content\/uploads\/little-girl-2516582_960_720_2.jpg","url":"https:\/\/www.skreta.cz\/wp-content\/uploads\/little-girl-2516582_960_720_2.jpg","height":0,"width":0},"wordCount":540,"keywords":null},{"@type":"Article","@id":"https:\/\/www.skreta.cz\/auto-je-vzdy-potreba\/","headline":"Auto je v\u017edy pot\u0159eba","url":"https:\/\/www.skreta.cz\/auto-je-vzdy-potreba\/","datePublished":"2022-05-27","dateModified":"2023-05-03","mainEntityOfPage":"https:\/\/www.skreta.cz\/auto-je-vzdy-potreba\/","author":{"@type":"Person","@id":"https:\/\/www.skreta.cz\/author\/devene\/#Person","name":"devene","url":"https:\/\/www.skreta.cz\/author\/devene\/","identifier":1,"image":{"@type":"ImageObject","@id":"https:\/\/secure.gravatar.com\/avatar\/bf8a2da9791e94b6eb5cec245ee5eeceecb651e79e829278e2c546441579397e?s=96&d=mm&r=g","url":"https:\/\/secure.gravatar.com\/avatar\/bf8a2da9791e94b6eb5cec245ee5eeceecb651e79e829278e2c546441579397e?s=96&d=mm&r=g","height":96,"width":96}},"publisher":{"@type":"Organization","name":"skreta.cz","logo":{"@type":"ImageObject","@id":"\/logo.png","url":"\/logo.png","width":600,"height":60}},"image":{"@type":"ImageObject","@id":"https:\/\/www.skreta.cz\/wp-content\/uploads\/automotive-1866521__480.jpg","url":"https:\/\/www.skreta.cz\/wp-content\/uploads\/automotive-1866521__480.jpg","height":0,"width":0},"wordCount":517,"keywords":null},{"@type":"Article","@id":"https:\/\/www.skreta.cz\/moda-je-muj-konicek\/","headline":"M\u00f3da je m\u016fj kon\u00ed\u010dek","url":"https:\/\/www.skreta.cz\/moda-je-muj-konicek\/","datePublished":"2022-05-08","dateModified":"2023-05-03","mainEntityOfPage":"https:\/\/www.skreta.cz\/moda-je-muj-konicek\/","author":{"@type":"Person","@id":"https:\/\/www.skreta.cz\/author\/devene\/#Person","name":"devene","url":"https:\/\/www.skreta.cz\/author\/devene\/","identifier":1,"image":{"@type":"ImageObject","@id":"https:\/\/secure.gravatar.com\/avatar\/bf8a2da9791e94b6eb5cec245ee5eeceecb651e79e829278e2c546441579397e?s=96&d=mm&r=g","url":"https:\/\/secure.gravatar.com\/avatar\/bf8a2da9791e94b6eb5cec245ee5eeceecb651e79e829278e2c546441579397e?s=96&d=mm&r=g","height":96,"width":96}},"publisher":{"@type":"Organization","name":"skreta.cz","logo":{"@type":"ImageObject","@id":"\/logo.png","url":"\/logo.png","width":600,"height":60}},"image":{"@type":"ImageObject","@id":"https:\/\/www.skreta.cz\/wp-content\/uploads\/little-girl-2516582_960_720_3.jpg","url":"https:\/\/www.skreta.cz\/wp-content\/uploads\/little-girl-2516582_960_720_3.jpg","height":0,"width":0},"wordCount":517,"keywords":null},{"@type":"Article","@id":"https:\/\/www.skreta.cz\/prima-auto-co-potesi\/","headline":"Prima auto, co pot\u011b\u0161\u00ed","url":"https:\/\/www.skreta.cz\/prima-auto-co-potesi\/","datePublished":"2022-04-29","dateModified":"2023-05-03","mainEntityOfPage":"https:\/\/www.skreta.cz\/prima-auto-co-potesi\/","author":{"@type":"Person","@id":"https:\/\/www.skreta.cz\/author\/devene\/#Person","name":"devene","url":"https:\/\/www.skreta.cz\/author\/devene\/","identifier":1,"image":{"@type":"ImageObject","@id":"https:\/\/secure.gravatar.com\/avatar\/bf8a2da9791e94b6eb5cec245ee5eeceecb651e79e829278e2c546441579397e?s=96&d=mm&r=g","url":"https:\/\/secure.gravatar.com\/avatar\/bf8a2da9791e94b6eb5cec245ee5eeceecb651e79e829278e2c546441579397e?s=96&d=mm&r=g","height":96,"width":96}},"publisher":{"@type":"Organization","name":"skreta.cz","logo":{"@type":"ImageObject","@id":"\/logo.png","url":"\/logo.png","width":600,"height":60}},"image":{"@type":"ImageObject","@id":"https:\/\/www.skreta.cz\/wp-content\/uploads\/auto-2179220_960_720_2.jpg","url":"https:\/\/www.skreta.cz\/wp-content\/uploads\/auto-2179220_960_720_2.jpg","height":0,"width":0},"wordCount":519,"keywords":null},{"@type":"Article","@id":"https:\/\/www.skreta.cz\/it-muze-byt-pro-nektere-vsim\/","headline":"IT m\u016f\u017ee b\u00fdt pro n\u011bkter\u00e9 v\u0161\u00edm","url":"https:\/\/www.skreta.cz\/it-muze-byt-pro-nektere-vsim\/","datePublished":"2022-04-27","dateModified":"2023-05-03","mainEntityOfPage":"https:\/\/www.skreta.cz\/it-muze-byt-pro-nektere-vsim\/","author":{"@type":"Person","@id":"https:\/\/www.skreta.cz\/author\/devene\/#Person","name":"devene","url":"https:\/\/www.skreta.cz\/author\/devene\/","identifier":1,"image":{"@type":"ImageObject","@id":"https:\/\/secure.gravatar.com\/avatar\/bf8a2da9791e94b6eb5cec245ee5eeceecb651e79e829278e2c546441579397e?s=96&d=mm&r=g","url":"https:\/\/secure.gravatar.com\/avatar\/bf8a2da9791e94b6eb5cec245ee5eeceecb651e79e829278e2c546441579397e?s=96&d=mm&r=g","height":96,"width":96}},"publisher":{"@type":"Organization","name":"skreta.cz","logo":{"@type":"ImageObject","@id":"\/logo.png","url":"\/logo.png","width":600,"height":60}},"image":{"@type":"ImageObject","@id":"https:\/\/www.skreta.cz\/wp-content\/uploads\/webi.JPG","url":"https:\/\/www.skreta.cz\/wp-content\/uploads\/webi.JPG","height":0,"width":0},"wordCount":642,"keywords":null},{"@type":"Article","@id":"https:\/\/www.skreta.cz\/vestavene-skrine-maji-smysl-v-kazdem-interieru\/","headline":"Vestav\u011bn\u00e9 sk\u0159\u00edn\u011b maj\u00ed smysl v ka\u017ed\u00e9m interi\u00e9ru","url":"https:\/\/www.skreta.cz\/vestavene-skrine-maji-smysl-v-kazdem-interieru\/","datePublished":"2022-04-27","dateModified":"2022-04-27","mainEntityOfPage":"https:\/\/www.skreta.cz\/vestavene-skrine-maji-smysl-v-kazdem-interieru\/","author":{"@type":"Person","@id":"https:\/\/www.skreta.cz\/author\/devene\/#Person","name":"devene","url":"https:\/\/www.skreta.cz\/author\/devene\/","identifier":1,"image":{"@type":"ImageObject","@id":"https:\/\/secure.gravatar.com\/avatar\/bf8a2da9791e94b6eb5cec245ee5eeceecb651e79e829278e2c546441579397e?s=96&d=mm&r=g","url":"https:\/\/secure.gravatar.com\/avatar\/bf8a2da9791e94b6eb5cec245ee5eeceecb651e79e829278e2c546441579397e?s=96&d=mm&r=g","height":96,"width":96}},"publisher":{"@type":"Organization","name":"skreta.cz","logo":{"@type":"ImageObject","@id":"\/logo.png","url":"\/logo.png","width":600,"height":60}},"image":{"@type":"ImageObject","@id":"https:\/\/www.skreta.cz\/wp-content\/uploads\/lo%C5%BEnice%20se%20sk%C5%99%C3%ADn%C3%AD_1.JPG","url":"https:\/\/www.skreta.cz\/wp-content\/uploads\/lo%C5%BEnice%20se%20sk%C5%99%C3%ADn%C3%AD_1.JPG","height":0,"width":0},"wordCount":663,"keywords":null}]},{"@context":"https:\/\/schema.org","@type":"WebSite","@id":"https:\/\/www.skreta.cz\/#website","name":"Skreta","url":"https:\/\/www.skreta.cz","potentialAction":{"@type":"SearchAction","target":"https:\/\/www.skreta.cz\/?s={search_term_string}","query-input":"required name=search_term_string"}}]