[{"@context":"https:\/\/schema.org\/","@type":"Article","@id":"https:\/\/www.skreta.cz\/oslava-mdz-na-koberci\/#Article","mainEntityOfPage":"https:\/\/www.skreta.cz\/oslava-mdz-na-koberci\/","headline":"Oslava MD\u017d na koberci","name":"Oslava MD\u017d na koberci","description":"Mezin\u00e1rodn\u00ed den \u017een je sv\u00e1tek, kter\u00fd se slavil ji\u017e za socialismu, a v n\u011bkter\u00fdch p\u0159\u00edpadech dokonce zavd\u00e1val k p\u0159\u00ed\u010din\u00e1m po\u017e\u00edvat v\u011bt\u0161\u00ed mno\u017estv\u00ed alkoholick\u00fdch n\u00e1poj\u016f. Takov\u00e9 oslavy pak kon\u010dily obvykle n\u011bjak\u00fdm mal\u00e9rem a rozhodn\u011b nep\u0159in\u00e1\u0161ely nic dobr\u00e9ho zejm\u00e9na samotn\u00fdm oslavenkyn\u00edm. Co\u017e to takhle zm\u011bnit a pojmout \u00fapln\u011b jinak \u2013 bez alkoholu? M\u016f\u017eete to t\u0159eba nast\u00ednit tak,...<p class=\"more-link-wrap\"><a href=\"https:\/\/www.skreta.cz\/oslava-mdz-na-koberci\/\" class=\"more-link\">P\u0159e\u010d\u00edst<span class=\"screen-reader-text\"> &ldquo;Oslava MD\u017d na koberci&rdquo;<\/span> &raquo;<\/a><\/p>","datePublished":"2023-02-10","dateModified":"2023-02-10","author":{"@type":"Person","@id":"https:\/\/www.skreta.cz\/author\/devene\/#Person","name":"devene","url":"https:\/\/www.skreta.cz\/author\/devene\/","identifier":1,"image":{"@type":"ImageObject","@id":"https:\/\/secure.gravatar.com\/avatar\/bf8a2da9791e94b6eb5cec245ee5eeceecb651e79e829278e2c546441579397e?s=96&d=mm&r=g","url":"https:\/\/secure.gravatar.com\/avatar\/bf8a2da9791e94b6eb5cec245ee5eeceecb651e79e829278e2c546441579397e?s=96&d=mm&r=g","height":96,"width":96}},"publisher":{"@type":"Organization","name":"skreta.cz","logo":{"@type":"ImageObject","@id":"\/logo.png","url":"\/logo.png","width":600,"height":60}},"image":{"@type":"ImageObject","@id":"https:\/\/www.skreta.cz\/wp-content\/uploads\/weaving-loom-g0cbdab140_640.jpg","url":"https:\/\/www.skreta.cz\/wp-content\/uploads\/weaving-loom-g0cbdab140_640.jpg","height":0,"width":0},"url":"https:\/\/www.skreta.cz\/oslava-mdz-na-koberci\/","about":["Zbo\u017e\u00ed"],"wordCount":434,"articleBody":"   Mezin\u00e1rodn\u00ed den \u017een je sv\u00e1tek, kter\u00fd se slavil ji\u017e za socialismu, a v n\u011bkter\u00fdch p\u0159\u00edpadech dokonce zavd\u00e1val k p\u0159\u00ed\u010din\u00e1m po\u017e\u00edvat v\u011bt\u0161\u00ed mno\u017estv\u00ed alkoholick\u00fdch n\u00e1poj\u016f. Takov\u00e9 oslavy pak kon\u010dily obvykle n\u011bjak\u00fdm mal\u00e9rem a rozhodn\u011b nep\u0159in\u00e1\u0161ely nic dobr\u00e9ho zejm\u00e9na samotn\u00fdm oslavenkyn\u00edm. Co\u017e to takhle zm\u011bnit a pojmout \u00fapln\u011b jinak \u2013 bez alkoholu? M\u016f\u017eete to t\u0159eba nast\u00ednit tak, jak by v\u00e1m to doporu\u010dovali p\u0159\u00edznivci Feng Shui \u2013 v minimalistick\u00e9m duchu.Z\u00e1klad oslavy bude tvo\u0159it poho\u0161t\u011bn\u00ed, ale nikoli u konferen\u010dn\u00edho stolku, n\u00fdbr\u017e na koberci \u2013 p\u0159\u00edmo na podlaze. K tomuto \u00fa\u010delu vyu\u017eijete mal\u00e9 sedac\u00ed pol\u0161t\u00e1\u0159ky \u010di sed\u00e1ky a rozm\u00edst\u00edte je po obvodu m\u00edstnosti tak, aby v\u0161ichni sed\u011bli pokud mo\u017eno v kruhu anebo v ov\u00e1lu. Do centr\u00e1ln\u00ed \u010d\u00e1sti pak um\u00edst\u00edte ob\u010derstven\u00ed a je-li zde dostatek m\u00edsta, pak m\u016f\u017ee prostor poslou\u017eit pro rozlo\u017een\u00ed hrac\u00edho pl\u00e1nu deskov\u00fdch her.Lid\u00e9 rozm\u00edst\u011bn\u00ed v kruhu maj\u00ed k sob\u011b bl\u00ed\u017e, l\u00e9pe tu proud\u00ed energie a nev\u00e1zne z\u00e1bava. Mnohdy atmosf\u00e9ra z\u00edsk\u00e1 na v\u011bt\u0161\u00ed atraktivit\u011b, ne\u017eli n\u011bkde u stolu p\u0159i posezen\u00ed v k\u0159eslech. Na zemi se tak\u00e9 d\u00e1 l\u00e9pe odpo\u010d\u00edvat, v polosedu, v le\u017ee na boku, na z\u00e1dech \u010di na b\u0159i\u0161e, m\u016f\u017eete tu l\u00e9pe s p\u0159\u00e1teli kl\u00e1bosit, prohl\u00ed\u017eet fotografie nebo hr\u00e1t karty.Koberec mus\u00ed b\u00fdt \u010dist\u00fdJist\u011b v\u00e1m nemus\u00edme p\u0159ipom\u00ednat, \u017ee koberec pro jakoukoli spole\u010denskou oslavu mus\u00ed b\u00fdt \u010dist\u00fd a vo\u0148av\u00fd. Za\u0161lapan\u00e9 skvrny a od\u00e9r p\u0159ipom\u00ednaj\u00edc\u00ed t\u00fdden no\u0161en\u00e9 pono\u017eky nejsou dobrou vizitkou. P\u0159ed uspo\u0159\u00e1d\u00e1n\u00edm akce a sezv\u00e1n\u00edm va\u0161ich host\u016f pozv\u011bte dom\u016f nejprve \u00faklidovou firmu, kter\u00e9 se postar\u00e1 o \u010di\u0161t\u011bn\u00ed koberc\u016f na profesion\u00e1ln\u00ed \u00farovni.Strojn\u00ed \u010di\u0161t\u011bn\u00ed koberce jej zbav\u00ed v\u0161ech ne\u010distot i z\u00e1pachu, s nimi\u017e si neporad\u00ed b\u011b\u017en\u00fd vysava\u010d, vysava\u010de nezvl\u00e1dnou nas\u00e1t \u00fapln\u011b v\u0161e, co se mezi vl\u00e1kny usad\u00ed, nedok\u00e1\u017ee to ani ten nejv\u00fdkonn\u011bj\u0161\u00ed stroj. Pro d\u016fkladn\u00e9 vy\u010di\u0161t\u011bn\u00ed koberce pot\u0159ebujete naopak speci\u00e1ln\u00ed mechanismus na \u010di\u0161t\u011bn\u00ed koberc\u016f v Praze, nap\u0159. syst\u00e9m Rotovac, kter\u00fd skl\u00edz\u00ed na trhu obrovsk\u00fd \u00fasp\u011bch d\u00edky skv\u011bl\u00fdm recenz\u00edm.                                                                                                                                                                                                                                                                                                                                                                                                  "},{"@context":"https:\/\/schema.org\/","@type":"BreadcrumbList","itemListElement":[{"@type":"ListItem","position":1,"name":"Oslava MD\u017d na koberci","item":"https:\/\/www.skreta.cz\/oslava-mdz-na-koberci\/#breadcrumbitem"}]}]