[{"@context":"https:\/\/schema.org\/","@type":"Article","@id":"https:\/\/www.skreta.cz\/originalni-sperky-jako-vhodne-darky\/#Article","mainEntityOfPage":"https:\/\/www.skreta.cz\/originalni-sperky-jako-vhodne-darky\/","headline":"Origin\u00e1ln\u00ed \u0161perky jako vhodn\u00e9 d\u00e1rky","name":"Origin\u00e1ln\u00ed \u0161perky jako vhodn\u00e9 d\u00e1rky","description":"D\u00e1rek v podob\u011b \u0161perku je velmi praktick\u00fd, origin\u00e1ln\u00ed https:\/\/www.fler.cz\/zbozi\/sperky a hlavn\u011b m\u00e1 ur\u010ditou i emocion\u00e1ln\u00ed hodnotu. \u0160perk toti\u017e m\u016f\u017ee vyj\u00e1d\u0159it emoce jako je l\u00e1ska, pod\u011bkov\u00e1n\u00ed, uzn\u00e1n\u00ed, v\u00edru i to, co m\u00e1 dan\u00fd \u010dlov\u011bk r\u00e1d, co ho charakterizuje a co ho s n\u011b\u010d\u00edm poj\u00ed. \u0160perky lze d\u00e1t i jen tak, jako vyj\u00e1d\u0159en\u00ed n\u011b\u010deho, pod\u011bkov\u00e1n\u00ed apod. Ale...<p class=\"more-link-wrap\"><a href=\"https:\/\/www.skreta.cz\/originalni-sperky-jako-vhodne-darky\/\" class=\"more-link\">P\u0159e\u010d\u00edst<span class=\"screen-reader-text\"> &ldquo;Origin\u00e1ln\u00ed \u0161perky jako vhodn\u00e9 d\u00e1rky&rdquo;<\/span> &raquo;<\/a><\/p>","datePublished":"2022-10-11","dateModified":"2023-05-03","author":{"@type":"Person","@id":"https:\/\/www.skreta.cz\/author\/devene\/#Person","name":"devene","url":"https:\/\/www.skreta.cz\/author\/devene\/","identifier":1,"image":{"@type":"ImageObject","@id":"https:\/\/secure.gravatar.com\/avatar\/bf8a2da9791e94b6eb5cec245ee5eeceecb651e79e829278e2c546441579397e?s=96&d=mm&r=g","url":"https:\/\/secure.gravatar.com\/avatar\/bf8a2da9791e94b6eb5cec245ee5eeceecb651e79e829278e2c546441579397e?s=96&d=mm&r=g","height":96,"width":96}},"publisher":{"@type":"Organization","name":"skreta.cz","logo":{"@type":"ImageObject","@id":"\/logo.png","url":"\/logo.png","width":600,"height":60}},"image":{"@type":"ImageObject","@id":"https:\/\/www.skreta.cz\/wp-content\/uploads\/diamond-g44ff47cc2_640.png","url":"https:\/\/www.skreta.cz\/wp-content\/uploads\/diamond-g44ff47cc2_640.png","height":0,"width":0},"url":"https:\/\/www.skreta.cz\/originalni-sperky-jako-vhodne-darky\/","about":["Zbo\u017e\u00ed"],"wordCount":439,"articleBody":"   D\u00e1rek v podob\u011b \u0161perku je velmi praktick\u00fd, origin\u00e1ln\u00ed https:\/\/www.fler.cz\/zbozi\/sperky  a hlavn\u011b m\u00e1 ur\u010ditou i emocion\u00e1ln\u00ed hodnotu. \u0160perk toti\u017e m\u016f\u017ee vyj\u00e1d\u0159it emoce jako je l\u00e1ska, pod\u011bkov\u00e1n\u00ed, uzn\u00e1n\u00ed, v\u00edru i to, co m\u00e1 dan\u00fd \u010dlov\u011bk r\u00e1d, co ho charakterizuje a co ho s n\u011b\u010d\u00edm poj\u00ed. \u0160perky lze d\u00e1t i jen tak, jako vyj\u00e1d\u0159en\u00ed n\u011b\u010deho, pod\u011bkov\u00e1n\u00ed apod. Ale hod\u00ed se i jako d\u00e1rek na v\u00fdznamn\u00e9 ud\u00e1losti. Jako jsou z\u00e1snuby, svatby, v\u00fdro\u010d\u00ed, narozeniny, oslavy narozen\u00ed d\u00edt\u011bte apod.Velmi origin\u00e1ln\u00ed \u0161perky si m\u016f\u017eete i navrhnout sami. M\u016f\u017eete tak ud\u011blat v p\u0159\u00edpadech, kdy nem\u016f\u017eete ten vysn\u011bn\u00fd \u0161perk naj\u00edt, a nic neodpov\u00edd\u00e1 va\u0161im p\u0159edstav\u00e1m. V takov\u00fdchto p\u0159\u00edpadech m\u016f\u017eete zvolit mo\u017enost, \u017ee si nech\u00e1te ud\u011blat \u0161perk na zak\u00e1zku. Tam si m\u016f\u017eete nechat poradit, navrhnout si sv\u016fj \u0161perk, vybrat materi\u00e1l a d\u00edky tomu z\u00edskat velmi origin\u00e1ln\u00ed \u0161perk, kter\u00fd bude vyroben\u00fd pr\u00e1v\u011b pro danou osobu. M\u016f\u017ee to tak b\u00fdt o to v\u00edce \u0161perk, kter\u00fd bude charakterizovat, pro\u010d byl \u0161perk darov\u00e1n, k \u010demu a za jak\u00fdm \u00fa\u010delem. M\u016f\u017eete si tak nap\u0159\u00edklad nechat vyrobit origin\u00e1ln\u00ed \u0161perky, n\u00e1u\u0161nice i \u0159et\u00edzky.Velmi obl\u00edben\u00e9 b\u00fdvaj\u00ed st\u0159\u00edbrn\u00e9 n\u00e1ramky se jm\u00e9nem. M\u016f\u017eete si tak nechat vyrobit n\u00e1ramek s va\u0161\u00edm jm\u00e9nem, se jm\u00e9nem bl\u00edzk\u00e9 osoby, nechat si napsat jm\u00e9na partner\u016f. Takov\u00fdto n\u00e1ramek se skv\u011ble hod\u00ed na svatby, ale i k narozenin\u00e1m, jako d\u00e1rek k v\u00e1noc\u016fm a k v\u00fdro\u010d\u00edm. N\u00e1ramek se jm\u00e9nem d\u00edt\u011bte m\u016f\u017ee mu\u017e d\u00e1t sv\u00e9 \u017een\u011b jako pod\u011bkov\u00e1n\u00ed za narozen\u00ed jejich d\u00edt\u011bte, co\u017e je velmi kr\u00e1sn\u00e9 gesto od mu\u017e\u016f sv\u00fdm \u017een\u00e1m. \u017dena tak z\u00edsk\u00e1 i kr\u00e1snou pam\u00e1tku a z\u00e1rove\u0148 i kr\u00e1sn\u00fd \u0161perk s velmi hlubok\u00fdm v\u00fdznamem, pln\u00fdm emoc\u00ed a l\u00e1sky. \u0160perky jsou a budou st\u00e1le velmi kr\u00e1sn\u00fdm d\u00e1rkem, kter\u00fdm lze pot\u011b\u0161it, jak \u017eeny, tak i mu\u017ee. Budou m\u00edt st\u00e1le velmi velkou hodnotu. Jsou trval\u00e9 a mohou se p\u0159ed\u00e1vat klidn\u011b i z generace na generaci. Se \u0161perkem se prost\u011b poj\u00ed mnoho emoc\u00ed. A tak je \u0161perk velmi vhodn\u00fdm d\u00e1rkem na v\u00fdznamn\u00e9 ud\u00e1losti v \u017eivotech p\u00e1ru, rodiny i jedince.                                                                                                                                                                                                                                                                                                                                                                                                  "},{"@context":"https:\/\/schema.org\/","@type":"BreadcrumbList","itemListElement":[{"@type":"ListItem","position":1,"name":"Origin\u00e1ln\u00ed \u0161perky jako vhodn\u00e9 d\u00e1rky","item":"https:\/\/www.skreta.cz\/originalni-sperky-jako-vhodne-darky\/#breadcrumbitem"}]}]