[{"@context":"https:\/\/schema.org\/","@type":"Article","@id":"https:\/\/www.skreta.cz\/moderni-spanelsko-je-turistickym-lakadlem-na-co-se-tesit\/#Article","mainEntityOfPage":"https:\/\/www.skreta.cz\/moderni-spanelsko-je-turistickym-lakadlem-na-co-se-tesit\/","headline":"Modern\u00ed \u0160pan\u011blsko je turistick\u00fdm l\u00e1kadlem, na co se t\u011b\u0161it?","name":"Modern\u00ed \u0160pan\u011blsko je turistick\u00fdm l\u00e1kadlem, na co se t\u011b\u0161it?","description":"Pokud p\u00e1tr\u00e1te po inspiraci, kam vyrazit na letn\u00ed dovolenou, mo\u017en\u00e1 v\u00e1s zaujme zem\u011b, kter\u00e1 v sob\u011b nese maursk\u00e9 nebo vizig\u00f3tsk\u00e9 d\u011bdictv\u00ed a na prahu novov\u011bku byla sv\u011btovou velmoc\u00ed \u010d\u00edslo jedna. Jist\u011b, \u0160pan\u011blsko je kr\u00e1sn\u00e1 zem\u011b, od severu na jih, a\u0165 u\u017e se pod\u00edv\u00e1te do hor nebo si vychutn\u00e1te n\u00ed\u017einy, pob\u0159e\u017en\u00ed oblasti a pl\u00e1\u017ee, pat\u0159\u00edc\u00ed i...<p class=\"more-link-wrap\"><a href=\"https:\/\/www.skreta.cz\/moderni-spanelsko-je-turistickym-lakadlem-na-co-se-tesit\/\" class=\"more-link\">P\u0159e\u010d\u00edst<span class=\"screen-reader-text\"> &ldquo;Modern\u00ed \u0160pan\u011blsko je turistick\u00fdm l\u00e1kadlem, na co se t\u011b\u0161it?&rdquo;<\/span> &raquo;<\/a><\/p>","datePublished":"2021-02-18","dateModified":"2023-05-03","author":{"@type":"Person","@id":"https:\/\/www.skreta.cz\/author\/devene\/#Person","name":"devene","url":"https:\/\/www.skreta.cz\/author\/devene\/","identifier":1,"image":{"@type":"ImageObject","@id":"https:\/\/secure.gravatar.com\/avatar\/bf8a2da9791e94b6eb5cec245ee5eeceecb651e79e829278e2c546441579397e?s=96&d=mm&r=g","url":"https:\/\/secure.gravatar.com\/avatar\/bf8a2da9791e94b6eb5cec245ee5eeceecb651e79e829278e2c546441579397e?s=96&d=mm&r=g","height":96,"width":96}},"publisher":{"@type":"Organization","name":"skreta.cz","logo":{"@type":"ImageObject","@id":"\/logo.png","url":"\/logo.png","width":600,"height":60}},"image":{"@type":"ImageObject","@id":"https:\/\/www.skreta.cz\/wp-content\/uploads\/La%20Coruna_CXhvb5.jpg","url":"https:\/\/www.skreta.cz\/wp-content\/uploads\/La%20Coruna_CXhvb5.jpg","height":0,"width":0},"url":"https:\/\/www.skreta.cz\/moderni-spanelsko-je-turistickym-lakadlem-na-co-se-tesit\/","wordCount":439,"articleBody":"       Pokud p\u00e1tr\u00e1te po inspiraci, kam vyrazit na letn\u00ed dovolenou, mo\u017en\u00e1 v\u00e1s zaujme zem\u011b, kter\u00e1 v sob\u011b nese maursk\u00e9 nebo vizig\u00f3tsk\u00e9 d\u011bdictv\u00ed a na prahu novov\u011bku byla sv\u011btovou velmoc\u00ed \u010d\u00edslo jedna. Jist\u011b, \u0160pan\u011blsko je kr\u00e1sn\u00e1 zem\u011b, od severu na jih, a\u0165 u\u017e se pod\u00edv\u00e1te do hor nebo si vychutn\u00e1te n\u00ed\u017einy, pob\u0159e\u017en\u00ed oblasti a pl\u00e1\u017ee, pat\u0159\u00edc\u00ed i v evropsk\u00e9m smyslu slova k t\u011bm skute\u010dn\u011b vyhl\u00e1\u0161en\u00fdm. P\u0159id\u00e1te se k n\u00e1m a pod\u00edv\u00e1te se tak\u00e9 na v\u00fdlet do \u0160pan\u011blska?   Poutn\u00ed m\u00edsta aneb svat\u00fd Jakub St\u0159edov\u011bk\u00e9 \u0160pan\u011blsko bylo \u010dast\u00fdm c\u00edlem k\u0159es\u0165ansk\u00fdch poutn\u00edk\u016f, kte\u0159\u00ed cht\u011bli vykonat pok\u00e1n\u00ed na svatojakubsk\u00e9 pouti. A ta sm\u011b\u0159ovala hodn\u011b daleko, z francouzsk\u00fdch destinac\u00ed p\u0159\u00edmo a\u017e do severoz\u00e1padn\u00edho c\u00edpu dne\u0161n\u00edho st\u00e1tu \u2013 tedy sm\u011brem do Santiago de Compostela. Centrum d\u00e1vn\u00e9 Galicie se stalo na p\u0159elomu tis\u00edcilet\u00ed Evropsk\u00fdm hlavn\u00edm m\u011bstem kultury a je pravdou, \u017ee jeho mediev\u00e1ln\u00ed v\u00fdznam p\u0159esahoval tak\u0159ka hranice kontinentu. Benediktinsk\u00fd kl\u00e1\u0161ter, univerzita, ale tak\u00e9 modern\u00ed \u010dtvr\u0165 vystav\u011bn\u00e1 v minul\u00e9m stolet\u00ed, kde je n\u00e1dhern\u00e1 zelen\u00e1 promen\u00e1da. Katedr\u00e1la svat\u00e9ho Jakuba je n\u00e1v\u0161t\u011bv\u00e1m k dispozici ka\u017ed\u00fd den, trojice prohl\u00eddkov\u00fdch okruh\u016f v\u00e1m uk\u00e1\u017ee i na muzeum c\u00edrkevn\u00edho um\u011bn\u00ed. V Galicii pak jist\u011b stoj\u00ed za to i Lugo nebo Ferrol a Pontevedra, kde je historie tak\u00e9 vlastn\u011b v\u011b\u010dn\u011b \u017eivouc\u00ed a mil\u00e1. Existuje tak\u00e9 speci\u00e1ln\u00ed dialekt, galicij\u0161tina, maj\u00edc\u00ed asi t\u0159i miliony hrd\u00fdch mluv\u010d\u00edch.   La Coru\u0148a v\u00e1s v\u00edt\u00e1 v rodn\u00e9 \u0159e\u010di Z\u016fsta\u0148me ale je\u0161t\u011b v tomto rozkvetl\u00e9m kraji u mo\u0159e, proto\u017ee n\u00e1s mus\u00ed p\u0159iv\u00edtat je\u0161t\u011b jedna b\u00e1je\u010dn\u00e1 lokalita \u2013 La Coru\u0148a. Ta je velice zn\u00e1m\u00e1 i d\u00edky Herkulov\u011b v\u011b\u017ei, jedin\u00fdm maj\u00e1kem, kter\u00fd je\u0161t\u011b pamatuje antick\u00e9 \u010dasy. M\u00e1 tak\u0159ka \u0161edes\u00e1t metr\u016f, a i kdy\u017e dnes slou\u017e\u00ed alespo\u0148 symbolicky p\u016fvodn\u00edmu \u00fa\u010delu, je sp\u00ed\u0161e turistickou atrakc\u00ed malebn\u00e9ho regionu. Pod\u00edv\u00e1te se ale i na kvalitn\u00ed fotbal nebo si u\u017eijete i kilometry p\u00edse\u010dn\u00fdch pl\u00e1\u017e\u00ed, pat\u0159\u00edc\u00edch v kontextu \u0160pan\u011blska k t\u011bm opravdu vyhl\u00e1\u0161en\u00fdm. Pokud si chcete vyzkou\u0161et, jak\u00e9 je to ve vln\u00e1ch Atlantiku, m\u00e1te jedine\u010dnou mo\u017enost vyrazit pr\u00e1v\u011b sem\u2026                                                                                                                                                                                                                                                                                                                                                                                                  "},{"@context":"https:\/\/schema.org\/","@type":"BreadcrumbList","itemListElement":[{"@type":"ListItem","position":1,"name":"Modern\u00ed \u0160pan\u011blsko je turistick\u00fdm l\u00e1kadlem, na co se t\u011b\u0161it?","item":"https:\/\/www.skreta.cz\/moderni-spanelsko-je-turistickym-lakadlem-na-co-se-tesit\/#breadcrumbitem"}]}]