[{"@context":"https:\/\/schema.org\/","@type":"Article","@id":"https:\/\/www.skreta.cz\/ktery-obal-se-hodi\/#Article","mainEntityOfPage":"https:\/\/www.skreta.cz\/ktery-obal-se-hodi\/","headline":"Kter\u00fd obal se hod\u00ed?","name":"Kter\u00fd obal se hod\u00ed?","description":"Kdyby se lid\u00e9 pokou\u0161eli n\u011bco p\u0159epravovat v\u00fdlu\u010dn\u011b bez obalu, kdo v\u00ed, jak by to v mnoha p\u0159\u00edpadech dopadlo. Lze se jenom pln\u00fdm pr\u00e1vem domn\u00edvat, \u017ee by v\u00fdsledek nebyl pr\u00e1v\u011b nejlep\u0161\u00ed. A nevyu\u017eit\u00ed obalu by se mohlo st\u00e1t i p\u0159\u00ed\u010dinou nemal\u00fdch \u0161kod. Proto\u017ee jsou sice n\u00e1klady, u nich\u017e se na jejich ochranu hled\u011bt nemus\u00ed, ale v\u011bt\u0161ina...<p class=\"more-link-wrap\"><a href=\"https:\/\/www.skreta.cz\/ktery-obal-se-hodi\/\" class=\"more-link\">P\u0159e\u010d\u00edst<span class=\"screen-reader-text\"> &ldquo;Kter\u00fd obal se hod\u00ed?&rdquo;<\/span> &raquo;<\/a><\/p>","datePublished":"2022-10-24","dateModified":"2023-12-13","author":{"@type":"Person","@id":"https:\/\/www.skreta.cz\/author\/devene\/#Person","name":"devene","url":"https:\/\/www.skreta.cz\/author\/devene\/","identifier":1,"image":{"@type":"ImageObject","@id":"https:\/\/secure.gravatar.com\/avatar\/bf8a2da9791e94b6eb5cec245ee5eeceecb651e79e829278e2c546441579397e?s=96&d=mm&r=g","url":"https:\/\/secure.gravatar.com\/avatar\/bf8a2da9791e94b6eb5cec245ee5eeceecb651e79e829278e2c546441579397e?s=96&d=mm&r=g","height":96,"width":96}},"publisher":{"@type":"Organization","name":"skreta.cz","logo":{"@type":"ImageObject","@id":"\/logo.png","url":"\/logo.png","width":600,"height":60}},"image":{"@type":"ImageObject","@id":"https:\/\/www.skreta.cz\/wp-content\/uploads\/plastov%C3%A1%20l%C3%A1hev.jpg","url":"https:\/\/www.skreta.cz\/wp-content\/uploads\/plastov%C3%A1%20l%C3%A1hev.jpg","height":0,"width":0},"url":"https:\/\/www.skreta.cz\/ktery-obal-se-hodi\/","about":["Zbo\u017e\u00ed"],"wordCount":411,"articleBody":"   Kdyby se lid\u00e9 pokou\u0161eli n\u011bco p\u0159epravovat v\u00fdlu\u010dn\u011b bez obalu, kdo v\u00ed, jak by to v mnoha p\u0159\u00edpadech dopadlo. Lze se jenom pln\u00fdm pr\u00e1vem domn\u00edvat, \u017ee by v\u00fdsledek nebyl pr\u00e1v\u011b nejlep\u0161\u00ed. A nevyu\u017eit\u00ed obalu by se mohlo st\u00e1t i p\u0159\u00ed\u010dinou nemal\u00fdch \u0161kod. Proto\u017ee jsou sice n\u00e1klady, u nich\u017e se na jejich ochranu hled\u011bt nemus\u00ed, ale v\u011bt\u0161ina toho p\u0159ece jenom n\u011bco pot\u0159ebuje, mus\u00ed b\u00fdt v n\u011b\u010dem uchr\u00e1n\u011bna od ne\u017e\u00e1douc\u00edch vn\u011bj\u0161\u00edch vliv\u016f. Uk\u00e1zkov\u00fdm p\u0159\u00edkladem toho, \u017ee n\u011bco prost\u011b obal pot\u0159ebuje, jsou pak nejr\u016fzn\u011bj\u0161\u00ed tekut\u00e9 a polotuh\u00e9 v\u00fdrobky, kter\u00e9 se prost\u011b mus\u00ed do n\u011b\u010deho nal\u00edt, aby \u010dlov\u011bku neodtekly nen\u00e1vratn\u011b kamsi, kde u\u017e by nebyly k ni\u010demu. Jen\u017ee co za obal pr\u00e1v\u011b pro n\u011bco takov\u00e9ho vyu\u017e\u00edt?V\u0161ichni zn\u00e1me t\u0159eba r\u016fzn\u00e9 l\u00e1hve. Ty jsou na tekutiny jako d\u011blan\u00e9, jen\u017ee ne v\u017edy se hod\u00ed. Jsou pom\u011brn\u011b t\u011b\u017ek\u00e9, k\u0159ehk\u00e9 a rozbitn\u00e9, nem\u00edvaj\u00ed velk\u00fd objem a ty v\u00e1lcovit\u00e9 pak nejsou ani dokonal\u00e9, co se vyu\u017eit\u00ed m\u00edsta t\u00fdk\u00e1, proto\u017ee je mezi nimi dost voln\u00e9ho prostoru. A t\u0159eba sudy v\u011bt\u0161inu t\u011bchto nedostatk\u016f postr\u00e1daj\u00ed, jen\u017ee i ty jsou pom\u011brn\u011b neskladn\u00e9 a t\u0159eba nejen to.A tak rozumn\u00ed lid\u00e9 hledaj\u00ed pro skladov\u00e1n\u00ed a dopravu n\u00e1klad\u016f i jin\u00e9 typy obal\u016f. A pokud jim jde o ochranu nejr\u016fzn\u011bj\u0161\u00edch tekutin, limon\u00e1d, marmel\u00e1d, ml\u00e9\u010dn\u00fdch v\u00fdrobk\u016f, tuk\u016f, \u0161ampon\u016f, olej\u016f a farmaceutick\u00fdch \u010di chemick\u00fdch v\u00fdrobk\u016f, n\u011bkdy nakonec zjist\u00ed, \u017ee je pro jejich p\u0159epravu nejvhodn\u011bj\u0161\u00ed pou\u017e\u00edt IBC kontejner 1000 l rozm\u011bry a dal\u0161\u00edmi parametry vyhovuj\u00edc\u00ed pr\u00e1v\u011b n\u011b\u010demu takov\u00e9mu. Proto\u017ee je tu samoz\u0159ejm\u011b zaru\u010deno, \u017ee se obsahu nic nestane, ale tak\u00e9 jde o dost pevn\u00e9 a trvanliv\u00e9 plastov\u00e9 obaly, u nich\u017e se efektivn\u011b vyu\u017e\u00edv\u00e1 m\u00edsto, snadno dodr\u017euje hygiena a jde rovn\u011b\u017e o recyklovateln\u00e9 plastov\u00e9 v\u00fdrobky, kter\u00e9 zbyte\u010dn\u011b ne\u0161kod\u00ed \u017eivotn\u00edmu prost\u0159ed\u00ed.A naj\u00edt se tu daj\u00ed samoz\u0159ejm\u011b i dal\u0161\u00ed p\u0159ednosti, pro n\u011b\u017e se t\u011b\u0161\u00ed pr\u00e1v\u011b tyto kontejnery popularit\u011b. A je st\u00e1le v\u00edc t\u011bch, kdo na n\u011b s\u00e1zej\u00ed.                                                                                                                                                                                                                                                                                                                                                                                                  "},{"@context":"https:\/\/schema.org\/","@type":"BreadcrumbList","itemListElement":[{"@type":"ListItem","position":1,"name":"Kter\u00fd obal se hod\u00ed?","item":"https:\/\/www.skreta.cz\/ktery-obal-se-hodi\/#breadcrumbitem"}]}]