[{"@context":"https:\/\/schema.org\/","@type":"Article","@id":"https:\/\/www.skreta.cz\/jak-si-zaridit-byt-ci-dum\/#Article","mainEntityOfPage":"https:\/\/www.skreta.cz\/jak-si-zaridit-byt-ci-dum\/","headline":"Jak si za\u0159\u00eddit byt \u010di d\u016fm","name":"Jak si za\u0159\u00eddit byt \u010di d\u016fm","description":"M\u00edsto, kde tr\u00e1v\u00edme skoro v\u0161ichni v\u011bt\u0161inu sv\u00e9ho \u010dasu je n\u00e1\u0161 domov. Lid\u00e9 bydl\u00ed r\u016fzn\u011b, od ka\u017ed\u00e9ho domov vypad\u00e1 \u00fapln\u011b jinak podle toho, co maj\u00ed r\u00e1di a co je pro n\u011b prioritou. N\u011bkdo t\u0159eba nem\u00e1 moc stylov\u011b za\u0159\u00edzen\u00e9 bydlen\u00ed, ale nen\u00ed to jeho priorita a t\u0159eba tomu ani nerozum\u00ed. Od toho slou\u017e\u00ed r\u016fzn\u00ed bytov\u00ed design\u00e9\u0159i \u010di...<p class=\"more-link-wrap\"><a href=\"https:\/\/www.skreta.cz\/jak-si-zaridit-byt-ci-dum\/\" class=\"more-link\">P\u0159e\u010d\u00edst<span class=\"screen-reader-text\"> &ldquo;Jak si za\u0159\u00eddit byt \u010di d\u016fm&rdquo;<\/span> &raquo;<\/a><\/p>","datePublished":"2022-12-12","dateModified":"2023-08-17","author":{"@type":"Person","@id":"https:\/\/www.skreta.cz\/author\/devene\/#Person","name":"devene","url":"https:\/\/www.skreta.cz\/author\/devene\/","identifier":1,"image":{"@type":"ImageObject","@id":"https:\/\/secure.gravatar.com\/avatar\/bf8a2da9791e94b6eb5cec245ee5eeceecb651e79e829278e2c546441579397e?s=96&d=mm&r=g","url":"https:\/\/secure.gravatar.com\/avatar\/bf8a2da9791e94b6eb5cec245ee5eeceecb651e79e829278e2c546441579397e?s=96&d=mm&r=g","height":96,"width":96}},"publisher":{"@type":"Organization","name":"skreta.cz","logo":{"@type":"ImageObject","@id":"\/logo.png","url":"\/logo.png","width":600,"height":60}},"image":{"@type":"ImageObject","@id":"https:\/\/www.skreta.cz\/wp-content\/uploads\/living-room-gae61e71bc_640.jpg","url":"https:\/\/www.skreta.cz\/wp-content\/uploads\/living-room-gae61e71bc_640.jpg","height":0,"width":0},"url":"https:\/\/www.skreta.cz\/jak-si-zaridit-byt-ci-dum\/","wordCount":463,"articleBody":"        M\u00edsto, kde tr\u00e1v\u00edme skoro v\u0161ichni v\u011bt\u0161inu sv\u00e9ho \u010dasu je n\u00e1\u0161 domov. Lid\u00e9 bydl\u00ed r\u016fzn\u011b, od ka\u017ed\u00e9ho domov vypad\u00e1 \u00fapln\u011b jinak podle toho, co maj\u00ed r\u00e1di a co je pro n\u011b prioritou. N\u011bkdo t\u0159eba nem\u00e1 moc stylov\u011b za\u0159\u00edzen\u00e9 bydlen\u00ed, ale nen\u00ed to jeho priorita a t\u0159eba tomu ani nerozum\u00ed. Od toho slou\u017e\u00ed r\u016fzn\u00ed bytov\u00ed design\u00e9\u0159i \u010di n\u00e1vrhy, nap\u0159\u00edklad n\u00e1vrhy ob\u00fdvac\u00edch pokoj\u016f \u010di jin\u00fdch m\u00edstnost\u00ed, kter\u00e9 se pak daj\u00ed pou\u017e\u00edt jako p\u0159edloha, ale samoz\u0159ejm\u011b \u010dlov\u011bk mus\u00ed m\u00edt pen\u00edze, proto\u017ee za v\u0161echno se plat\u00ed, ti lid\u00e9 mus\u00ed n\u011bjak \u017e\u00edt a ani toto nen\u00ed v\u00fdjimka. Tak\u017ee pokud chcete pomoc a n\u011bjak\u00fd kr\u00e1sn\u00fd n\u00e1vrh, jist\u011b ale mus\u00edte m\u00edt n\u011bjak\u00e9 pen\u00edze nav\u00edc, nic nen\u00ed zadarmo, to je jasn\u00e9. Ani vy nepracujete zadarmo, to v\u0161ichni v\u00edme, a ani byste to ned\u011blali, proto po\u010d\u00edtejte s t\u00edm, \u017ee si takovouto slu\u017ebu mus\u00edte zaplatit jako ka\u017edou jinou. To je naprosto norm\u00e1ln\u00ed.Neexistuj\u00ed p\u0159\u00edmo n\u00e1vody na to, jak si takov\u00fd d\u016fm \u010di byt za\u0159\u00eddit, zkr\u00e1tka jen pou\u017e\u00edvejte to, co m\u00e1te r\u00e1di, to je to nejd\u016fle\u017eit\u011bj\u0161\u00ed, proto\u017ee jedin\u011b tak se budete ve sv\u00e9m bydlen\u00ed c\u00edtit nejl\u00e9pe, jak jen to jde. P\u0159eci nem\u016f\u017eete b\u00fdt v m\u00edstnosti, kter\u00e1 je cel\u00e1 tmav\u00e1, kdy\u017e nesn\u00e1\u0161\u00edte tmav\u00e9 barvy, to je jasn\u00e9. Mus\u00edte tedy myslet na sebe, je to p\u0159eci va\u0161e bydlen\u00ed a vy si ho mus\u00edte za\u0159\u00eddit jen a jen podle sebe. Mo\u017en\u00e1 si \u0159\u00edk\u00e1te, \u017ee kdy\u017e si zaplat\u00edte slu\u017eby design\u00e9ra, tak v\u00e1m p\u0159eci byt za\u0159\u00edd\u00ed podle sebe. To je sice pravda, ale vy se s n\u00edm m\u016f\u017eete domluvit, jak\u00e9 barvy a materi\u00e1ly m\u00e1 nap\u0159\u00edklad pou\u017e\u00edvat a podobn\u011b a on u\u017e se pak podle toho za\u0159\u00edd\u00ed. V\u0161e je jen o komunikaci.Abyste se c\u00edtili ve sv\u00e9m bydlen\u00ed dob\u0159e, je t\u0159eba pou\u017e\u00edvat i barvy, kter\u00e9 celou m\u00edstnost opticky zv\u011bt\u0161\u00ed a nebudete se c\u00edtit tolik st\u00edsn\u011bn\u011b. Proto\u017ee n\u011bkter\u00e9 byty jsou opravdu mal\u00e9, je pot\u0159eba vyu\u017e\u00edt pr\u00e1v\u011b tohoto f\u00edglu, aby vypadaly opticky v\u011bt\u0161\u00ed. Tak\u00e9 se mus\u00ed barvy kombinovat a pou\u017e\u00edvat takov\u00e9, kter\u00e9 jsou pro na\u0161e o\u010di vhodn\u00e9 a uklid\u0148uj\u00edc\u00ed. Naopak v takov\u00e9 pracovn\u011b nebudete moc pou\u017e\u00edvat uklid\u0148uj\u00edc\u00ed barvy a ani nic \u0161\u00edlen\u00e9ho, sp\u00ed\u0161e zvolte jen b\u00edlou, a\u0165 se l\u00e9pe soust\u0159ed\u00edte.                                                                                                                                                                                                                                                                                                                                                                                                   "},{"@context":"https:\/\/schema.org\/","@type":"BreadcrumbList","itemListElement":[{"@type":"ListItem","position":1,"name":"Jak si za\u0159\u00eddit byt \u010di d\u016fm","item":"https:\/\/www.skreta.cz\/jak-si-zaridit-byt-ci-dum\/#breadcrumbitem"}]}]