[{"@context":"https:\/\/schema.org\/","@type":"Article","@id":"https:\/\/www.skreta.cz\/jak-se-oblect-na-svatbu\/#Article","mainEntityOfPage":"https:\/\/www.skreta.cz\/jak-se-oblect-na-svatbu\/","headline":"Jak se obl\u00e9ct na svatbu?","name":"Jak se obl\u00e9ct na svatbu?","description":"Pokud jste pozv\u00e1ni na svatbu, m\u011bla by to b\u00fdt pro v\u00e1s samoz\u0159ejm\u011b pocta. Budouc\u00ed novoman\u017eel\u00e9 si v\u00e1s v\u00e1\u017e\u00ed a maj\u00ed s v\u00e1mi tak dobr\u00fd vztah, \u017ee cht\u011bj\u00ed, abyste byli p\u0159\u00edtomni p\u0159i jedn\u00e9 z jejich nej\u0161\u0165astn\u011bj\u0161\u00edch chvilek v \u017eivot\u011b. Se svatbou se ale k v\u00e1m v\u00e1\u017eou tak\u00e9 ur\u010dit\u00e9 povinnosti. T\u0159eba to, abyste se vhodn\u011b obl\u00e9kli. Nem\u016f\u017eete...<p class=\"more-link-wrap\"><a href=\"https:\/\/www.skreta.cz\/jak-se-oblect-na-svatbu\/\" class=\"more-link\">P\u0159e\u010d\u00edst<span class=\"screen-reader-text\"> &ldquo;Jak se obl\u00e9ct na svatbu?&rdquo;<\/span> &raquo;<\/a><\/p>","datePublished":"2022-10-25","dateModified":"2023-05-03","author":{"@type":"Person","@id":"https:\/\/www.skreta.cz\/author\/devene\/#Person","name":"devene","url":"https:\/\/www.skreta.cz\/author\/devene\/","identifier":1,"image":{"@type":"ImageObject","@id":"https:\/\/secure.gravatar.com\/avatar\/bf8a2da9791e94b6eb5cec245ee5eeceecb651e79e829278e2c546441579397e?s=96&d=mm&r=g","url":"https:\/\/secure.gravatar.com\/avatar\/bf8a2da9791e94b6eb5cec245ee5eeceecb651e79e829278e2c546441579397e?s=96&d=mm&r=g","height":96,"width":96}},"publisher":{"@type":"Organization","name":"skreta.cz","logo":{"@type":"ImageObject","@id":"\/logo.png","url":"\/logo.png","width":600,"height":60}},"image":{"@type":"ImageObject","@id":"https:\/\/www.skreta.cz\/wp-content\/uploads\/pexels-wendel-moretti-1730877_1.jpg","url":"https:\/\/www.skreta.cz\/wp-content\/uploads\/pexels-wendel-moretti-1730877_1.jpg","height":0,"width":0},"url":"https:\/\/www.skreta.cz\/jak-se-oblect-na-svatbu\/","about":["Zbo\u017e\u00ed"],"wordCount":394,"articleBody":"       Pokud jste pozv\u00e1ni na svatbu, m\u011bla by to b\u00fdt pro v\u00e1s samoz\u0159ejm\u011b pocta. Budouc\u00ed novoman\u017eel\u00e9 si v\u00e1s v\u00e1\u017e\u00ed a maj\u00ed s v\u00e1mi tak dobr\u00fd vztah, \u017ee cht\u011bj\u00ed, abyste byli p\u0159\u00edtomni p\u0159i jedn\u00e9 z jejich nej\u0161\u0165astn\u011bj\u0161\u00edch chvilek v \u017eivot\u011b. Se svatbou se ale k v\u00e1m v\u00e1\u017eou tak\u00e9 ur\u010dit\u00e9 povinnosti. T\u0159eba to, abyste se vhodn\u011b obl\u00e9kli. Nem\u016f\u017eete si toti\u017e na sebe vz\u00edt ledajak\u00e9 oble\u010den\u00ed, ale mus\u00edte se p\u0159izp\u016fsobit slavnostn\u00edmu r\u00e1zu t\u00e9to akce.Hodn\u011b z\u00e1le\u017e\u00ed na tom, zda se bude jednat sp\u00ed\u0161e o men\u0161\u00ed svatbu nebo opravdu velkou, honosnou. N\u011bkter\u00e9 svatby jsou tak\u00e9 tematicky zam\u011b\u0159en\u00e9, kdy snoubenci cht\u011bj\u00ed, aby jejich host\u00e9 dodr\u017eovali ur\u010dit\u00fd dress code dle t\u00e9matu svatby. Pamatujte, \u017ee ignorovat tuto prosbu, by byl vrchol neslu\u0161nosti.Pro mu\u017ee bude nejide\u00e1ln\u011bj\u0161\u00ed tmav\u00fd oblek s ko\u0161il\u00ed a dopln\u011bn o kravatu. Doby, kdy se na svatby chodilo v \u017eaketu, u\u017e m\u00e1me nejsp\u00ed\u0161 za sebou. Tak\u017ee pokud nebude na pozv\u00e1nce nijak bl\u00ed\u017ee specifikovan\u00e9, co si maj\u00ed mu\u017ei obl\u00e9ct, m\u016f\u017eete to elegantn\u011b vy\u0159e\u0161it touto klasikou. U \u017een plat\u00ed jedno zlat\u00e9 pravidlo. Nikdy necho\u010fte na svatbu v b\u00edl\u00e9 barv\u011b, pokud nejste nev\u011bsta. Pokud to jde, vyh\u00fdbejte se i sv\u011btl\u00fdm, kr\u00e9mov\u00fdm barv\u00e1m, kter\u00e9 b\u00edlou p\u0159ipom\u00ednaj\u00ed. B\u00edl\u00e1 je pro tento den vyhrazena nev\u011bst\u011b, a pokud byste se uk\u00e1zala v b\u00edl\u00fdch \u0161atech, opravdu byste ji nepot\u011b\u0161ili.Sna\u017ete se vyh\u00fdbat i \u010dern\u00e9 barv\u011b. Ta sice nen\u00ed takov\u00fdm p\u0159e\u0161lapem, jako b\u00edl\u00e1, ale bude lep\u0161\u00ed, kdy\u017e tuto barvu na svatb\u011b p\u0159enech\u00e1te pouze p\u00e1n\u016fm a jejich oblek\u016fm. \u010cern\u00e9 \u0161aty u \u017een symbolizuj\u00ed sp\u00ed\u0161e smutek, kter\u00fd se na svatbu nehod\u00ed. Na svatbu se nehod\u00ed kr\u00e1tk\u00e9 \u0161aty, kter\u00e9 v\u00e1m sotva zakr\u00fdvaj\u00ed stehna. Vhodn\u011bj\u0161\u00ed jsou takov\u00e9 s d\u00e9lkou po nebo pod kolena a rozhodn\u011b budou pro takovou p\u0159\u00edle\u017eitost skv\u011bl\u00e9 i maxi \u0161aty na svatbu. \u0160aty byste m\u011bli doplnit, pokud mo\u017eno boty na podpatku, nebo n\u011bjakou alternativn\u00ed variantou bez. Rozhodn\u011b si k \u0161at\u016fm neberte tenisky nebo jinou volno\u010dasovou obuv.                                                                                                                                                                                                                                                                                                                                                                                                  "},{"@context":"https:\/\/schema.org\/","@type":"BreadcrumbList","itemListElement":[{"@type":"ListItem","position":1,"name":"Jak se obl\u00e9ct na svatbu?","item":"https:\/\/www.skreta.cz\/jak-se-oblect-na-svatbu\/#breadcrumbitem"}]}]