[{"@context":"https:\/\/schema.org\/","@type":"Article","@id":"https:\/\/www.skreta.cz\/jak-poznala-samu-sebe\/#Article","mainEntityOfPage":"https:\/\/www.skreta.cz\/jak-poznala-samu-sebe\/","headline":"Jak poznala samu sebe","name":"Jak poznala samu sebe","description":"D\u00e1msk\u00e9ho oble\u010den\u00ed si ani nev\u0161imla. Jej\u00ed kroky sm\u011b\u0159ovaly n\u011bkam d\u00e1l. A\u017e tam, co se nach\u00e1zelo to p\u00e1nsk\u00e9. Pro\u010d? Nech\u00e1pala to, ale t\u00e1hlo j\u00ed to ke ko\u0161il\u00edm a kravat\u00e1m, k trik\u016fm s motivem fitness a vytahan\u00fdm d\u017e\u00edn\u016fm. V\u016fbec tomu nerozum\u011bla a sna\u017eila se d\u011blat p\u0159esn\u011b to, co j\u00ed vel\u00ed jej\u00ed cit. Bylo to docela krut\u00e9 zji\u0161t\u011bn\u00ed....<p class=\"more-link-wrap\"><a href=\"https:\/\/www.skreta.cz\/jak-poznala-samu-sebe\/\" class=\"more-link\">P\u0159e\u010d\u00edst<span class=\"screen-reader-text\"> &ldquo;Jak poznala samu sebe&rdquo;<\/span> &raquo;<\/a><\/p>","datePublished":"2024-11-25","dateModified":"2024-11-25","author":{"@type":"Person","@id":"https:\/\/www.skreta.cz\/author\/devene\/#Person","name":"devene","url":"https:\/\/www.skreta.cz\/author\/devene\/","identifier":1,"image":{"@type":"ImageObject","@id":"https:\/\/secure.gravatar.com\/avatar\/bf8a2da9791e94b6eb5cec245ee5eeceecb651e79e829278e2c546441579397e?s=96&d=mm&r=g","url":"https:\/\/secure.gravatar.com\/avatar\/bf8a2da9791e94b6eb5cec245ee5eeceecb651e79e829278e2c546441579397e?s=96&d=mm&r=g","height":96,"width":96}},"publisher":{"@type":"Organization","name":"skreta.cz","logo":{"@type":"ImageObject","@id":"\/logo.png","url":"\/logo.png","width":600,"height":60}},"url":"https:\/\/www.skreta.cz\/jak-poznala-samu-sebe\/","wordCount":215,"articleBody":"D\u00e1msk\u00e9ho oble\u010den\u00ed si ani nev\u0161imla. Jej\u00ed kroky sm\u011b\u0159ovaly n\u011bkam d\u00e1l. A\u017e tam, co se nach\u00e1zelo to p\u00e1nsk\u00e9. Pro\u010d? Nech\u00e1pala to, ale t\u00e1hlo j\u00ed to ke ko\u0161il\u00edm a kravat\u00e1m, k trik\u016fm s motivem fitness a vytahan\u00fdm d\u017e\u00edn\u016fm. V\u016fbec tomu nerozum\u011bla a sna\u017eila se d\u011blat p\u0159esn\u011b to, co j\u00ed vel\u00ed jej\u00ed cit. Bylo to docela krut\u00e9 zji\u0161t\u011bn\u00ed. Jsem kluk. L\u00edb\u00ed se mi p\u00e1nsk\u00e9 od\u011bvy, r\u00e1da cvi\u010d\u00edm a jezd\u00edm na motorce, hr\u00e1la jsem si s auty a l\u00edb\u00ed se mi holky. N\u011bkdy je v\u00edce pot\u0159eba Ustrojit se tak, aby n\u00e1m nebyla zima, je jednou z v\u011bc\u00ed, kterou Monika podce\u0148ovala. Vz\u00edt si na konkr\u00e9tn\u00ed \u010dinnost vhodn\u00e9 oble\u010den\u00ed j\u00ed opravdu n\u011bkdy d\u011blalo probl\u00e9m. Jej\u00ed maminka j\u00ed neust\u00e1le musela hl\u00eddat. Byla schopn\u00e1 si vz\u00edt do m\u00ednus dvaceti stup\u0148ov\u00e9ho mrazu, silonky a minisukni. Jen proto, \u017ee na to m\u011bla zrovna n\u00e1ladu. Byla mlad\u00e1 a tak j\u00ed jej\u00ed zdrav\u00ed v\u016fbec nezaj\u00edmalo. Bylo j\u00ed dob\u0159e a cht\u011bla se prost\u011b l\u00edbit, a\u0165 byl mr\u00e1z, nebo ne.                                                                                                                                                                                                                                                                                                                                                                                                "},{"@context":"https:\/\/schema.org\/","@type":"BreadcrumbList","itemListElement":[{"@type":"ListItem","position":1,"name":"Jak poznala samu sebe","item":"https:\/\/www.skreta.cz\/jak-poznala-samu-sebe\/#breadcrumbitem"}]}]