[{"@context":"https:\/\/schema.org\/","@type":"Blog","@id":"https:\/\/www.skreta.cz#Blog","headline":"Skreta","description":"\nA\u0165 u\u017e ve sv\u00e9m \u017eivot\u011b \u0159e\u0161\u00edte jak\u00fdkoliv probl\u00e9m, je docela pravd\u011bpodobn\u00e9, \u017ee na n\u011bj najdete pr\u00e1v\u011b na na\u0161ich internetov\u00fdch str\u00e1nk\u00e1ch ide\u00e1ln\u00ed \u0159e\u0161en\u00ed.","url":"https:\/\/www.skreta.cz","hasPart":[{"@type":"Article","@id":"https:\/\/www.skreta.cz\/uz-zadne-uklidy-bytovky\/","headline":"U\u017e \u017e\u00e1dn\u00e9 \u00faklidy bytovky","url":"https:\/\/www.skreta.cz\/uz-zadne-uklidy-bytovky\/","datePublished":"2025-11-09","dateModified":"2025-11-09","mainEntityOfPage":"https:\/\/www.skreta.cz\/uz-zadne-uklidy-bytovky\/","author":{"@type":"Person","@id":"https:\/\/www.skreta.cz\/author\/devene\/#Person","name":"devene","url":"https:\/\/www.skreta.cz\/author\/devene\/","identifier":1,"image":{"@type":"ImageObject","@id":"https:\/\/secure.gravatar.com\/avatar\/bf8a2da9791e94b6eb5cec245ee5eeceecb651e79e829278e2c546441579397e?s=96&d=mm&r=g","url":"https:\/\/secure.gravatar.com\/avatar\/bf8a2da9791e94b6eb5cec245ee5eeceecb651e79e829278e2c546441579397e?s=96&d=mm&r=g","height":96,"width":96}},"publisher":{"@type":"Organization","name":"skreta.cz","logo":{"@type":"ImageObject","@id":"\/logo.png","url":"\/logo.png","width":600,"height":60}},"image":{"@type":"ImageObject","@id":"https:\/\/www.skreta.cz\/wp-content\/uploads\/cleaning-3934664_640%20(1)_2.jpg","url":"https:\/\/www.skreta.cz\/wp-content\/uploads\/cleaning-3934664_640%20(1)_2.jpg","height":0,"width":0},"wordCount":550,"keywords":null},{"@type":"Article","@id":"https:\/\/www.skreta.cz\/s-timto-nabytkem-budete-spokojeni\/","headline":"S t\u00edmto n\u00e1bytkem budete spokojeni","url":"https:\/\/www.skreta.cz\/s-timto-nabytkem-budete-spokojeni\/","datePublished":"2025-08-27","dateModified":"2025-08-27","mainEntityOfPage":"https:\/\/www.skreta.cz\/s-timto-nabytkem-budete-spokojeni\/","author":{"@type":"Person","@id":"https:\/\/www.skreta.cz\/author\/devene\/#Person","name":"devene","url":"https:\/\/www.skreta.cz\/author\/devene\/","identifier":1,"image":{"@type":"ImageObject","@id":"https:\/\/secure.gravatar.com\/avatar\/bf8a2da9791e94b6eb5cec245ee5eeceecb651e79e829278e2c546441579397e?s=96&d=mm&r=g","url":"https:\/\/secure.gravatar.com\/avatar\/bf8a2da9791e94b6eb5cec245ee5eeceecb651e79e829278e2c546441579397e?s=96&d=mm&r=g","height":96,"width":96}},"publisher":{"@type":"Organization","name":"skreta.cz","logo":{"@type":"ImageObject","@id":"\/logo.png","url":"\/logo.png","width":600,"height":60}},"image":null,"wordCount":202,"keywords":null},{"@type":"Article","@id":"https:\/\/www.skreta.cz\/vice-kocek-v-jedne-mistnosti\/","headline":"V\u00edce ko\u010dek v jedn\u00e9 m\u00edstnosti?","url":"https:\/\/www.skreta.cz\/vice-kocek-v-jedne-mistnosti\/","datePublished":"2025-08-24","dateModified":"2025-08-24","mainEntityOfPage":"https:\/\/www.skreta.cz\/vice-kocek-v-jedne-mistnosti\/","author":{"@type":"Person","@id":"https:\/\/www.skreta.cz\/author\/devene\/#Person","name":"devene","url":"https:\/\/www.skreta.cz\/author\/devene\/","identifier":1,"image":{"@type":"ImageObject","@id":"https:\/\/secure.gravatar.com\/avatar\/bf8a2da9791e94b6eb5cec245ee5eeceecb651e79e829278e2c546441579397e?s=96&d=mm&r=g","url":"https:\/\/secure.gravatar.com\/avatar\/bf8a2da9791e94b6eb5cec245ee5eeceecb651e79e829278e2c546441579397e?s=96&d=mm&r=g","height":96,"width":96}},"publisher":{"@type":"Organization","name":"skreta.cz","logo":{"@type":"ImageObject","@id":"\/logo.png","url":"\/logo.png","width":600,"height":60}},"image":{"@type":"ImageObject","@id":"https:\/\/www.skreta.cz\/wp-content\/uploads\/img_a336476_w2448_t1549905272.jpg","url":"https:\/\/www.skreta.cz\/wp-content\/uploads\/img_a336476_w2448_t1549905272.jpg","height":0,"width":0},"wordCount":4558,"keywords":null},{"@type":"Article","@id":"https:\/\/www.skreta.cz\/inzerce-kam-se-podivas\/","headline":"INZERCE KAM SE POD\u00cdV\u00c1\u0160","url":"https:\/\/www.skreta.cz\/inzerce-kam-se-podivas\/","datePublished":"2025-08-23","dateModified":"2025-08-23","mainEntityOfPage":"https:\/\/www.skreta.cz\/inzerce-kam-se-podivas\/","author":{"@type":"Person","@id":"https:\/\/www.skreta.cz\/author\/devene\/#Person","name":"devene","url":"https:\/\/www.skreta.cz\/author\/devene\/","identifier":1,"image":{"@type":"ImageObject","@id":"https:\/\/secure.gravatar.com\/avatar\/bf8a2da9791e94b6eb5cec245ee5eeceecb651e79e829278e2c546441579397e?s=96&d=mm&r=g","url":"https:\/\/secure.gravatar.com\/avatar\/bf8a2da9791e94b6eb5cec245ee5eeceecb651e79e829278e2c546441579397e?s=96&d=mm&r=g","height":96,"width":96}},"publisher":{"@type":"Organization","name":"skreta.cz","logo":{"@type":"ImageObject","@id":"\/logo.png","url":"\/logo.png","width":600,"height":60}},"image":{"@type":"ImageObject","@id":"https:\/\/www.skreta.cz\/wp-content\/uploads\/img_a314094_w2112_t1524855234.jpg","url":"https:\/\/www.skreta.cz\/wp-content\/uploads\/img_a314094_w2112_t1524855234.jpg","height":0,"width":0},"wordCount":4768,"keywords":null},{"@type":"Article","@id":"https:\/\/www.skreta.cz\/zacnete-take\/","headline":"Za\u010dn\u011bte tak\u00e9","url":"https:\/\/www.skreta.cz\/zacnete-take\/","datePublished":"2025-08-20","dateModified":"2025-08-20","mainEntityOfPage":"https:\/\/www.skreta.cz\/zacnete-take\/","author":{"@type":"Person","@id":"https:\/\/www.skreta.cz\/author\/devene\/#Person","name":"devene","url":"https:\/\/www.skreta.cz\/author\/devene\/","identifier":1,"image":{"@type":"ImageObject","@id":"https:\/\/secure.gravatar.com\/avatar\/bf8a2da9791e94b6eb5cec245ee5eeceecb651e79e829278e2c546441579397e?s=96&d=mm&r=g","url":"https:\/\/secure.gravatar.com\/avatar\/bf8a2da9791e94b6eb5cec245ee5eeceecb651e79e829278e2c546441579397e?s=96&d=mm&r=g","height":96,"width":96}},"publisher":{"@type":"Organization","name":"skreta.cz","logo":{"@type":"ImageObject","@id":"\/logo.png","url":"\/logo.png","width":600,"height":60}},"image":null,"wordCount":219,"keywords":null},{"@type":"Article","@id":"https:\/\/www.skreta.cz\/tonovana-autoskla-vas-mohou-zachranit\/","headline":"T\u00f3novan\u00e1 autoskla v\u00e1s mohou zachr\u00e1nit","url":"https:\/\/www.skreta.cz\/tonovana-autoskla-vas-mohou-zachranit\/","datePublished":"2025-08-14","dateModified":"2025-08-14","mainEntityOfPage":"https:\/\/www.skreta.cz\/tonovana-autoskla-vas-mohou-zachranit\/","author":{"@type":"Person","@id":"https:\/\/www.skreta.cz\/author\/devene\/#Person","name":"devene","url":"https:\/\/www.skreta.cz\/author\/devene\/","identifier":1,"image":{"@type":"ImageObject","@id":"https:\/\/secure.gravatar.com\/avatar\/bf8a2da9791e94b6eb5cec245ee5eeceecb651e79e829278e2c546441579397e?s=96&d=mm&r=g","url":"https:\/\/secure.gravatar.com\/avatar\/bf8a2da9791e94b6eb5cec245ee5eeceecb651e79e829278e2c546441579397e?s=96&d=mm&r=g","height":96,"width":96}},"publisher":{"@type":"Organization","name":"skreta.cz","logo":{"@type":"ImageObject","@id":"\/logo.png","url":"\/logo.png","width":600,"height":60}},"image":null,"wordCount":283,"keywords":null},{"@type":"Article","@id":"https:\/\/www.skreta.cz\/s-firmou-tvs-centrum-bude-vse-hotovo-rychle\/","headline":"S firmou TVS-Centrum bude v\u0161e hotovo rychle","url":"https:\/\/www.skreta.cz\/s-firmou-tvs-centrum-bude-vse-hotovo-rychle\/","datePublished":"2025-08-07","dateModified":"2025-08-07","mainEntityOfPage":"https:\/\/www.skreta.cz\/s-firmou-tvs-centrum-bude-vse-hotovo-rychle\/","author":{"@type":"Person","@id":"https:\/\/www.skreta.cz\/author\/devene\/#Person","name":"devene","url":"https:\/\/www.skreta.cz\/author\/devene\/","identifier":1,"image":{"@type":"ImageObject","@id":"https:\/\/secure.gravatar.com\/avatar\/bf8a2da9791e94b6eb5cec245ee5eeceecb651e79e829278e2c546441579397e?s=96&d=mm&r=g","url":"https:\/\/secure.gravatar.com\/avatar\/bf8a2da9791e94b6eb5cec245ee5eeceecb651e79e829278e2c546441579397e?s=96&d=mm&r=g","height":96,"width":96}},"publisher":{"@type":"Organization","name":"skreta.cz","logo":{"@type":"ImageObject","@id":"\/logo.png","url":"\/logo.png","width":600,"height":60}},"image":null,"wordCount":219,"keywords":null},{"@type":"Article","@id":"https:\/\/www.skreta.cz\/rizeni-v-hlavnim-meste\/","headline":"\u0158\u00edzen\u00ed v hlavn\u00edm m\u011bst\u011b","url":"https:\/\/www.skreta.cz\/rizeni-v-hlavnim-meste\/","datePublished":"2025-07-31","dateModified":"2025-07-31","mainEntityOfPage":"https:\/\/www.skreta.cz\/rizeni-v-hlavnim-meste\/","author":{"@type":"Person","@id":"https:\/\/www.skreta.cz\/author\/devene\/#Person","name":"devene","url":"https:\/\/www.skreta.cz\/author\/devene\/","identifier":1,"image":{"@type":"ImageObject","@id":"https:\/\/secure.gravatar.com\/avatar\/bf8a2da9791e94b6eb5cec245ee5eeceecb651e79e829278e2c546441579397e?s=96&d=mm&r=g","url":"https:\/\/secure.gravatar.com\/avatar\/bf8a2da9791e94b6eb5cec245ee5eeceecb651e79e829278e2c546441579397e?s=96&d=mm&r=g","height":96,"width":96}},"publisher":{"@type":"Organization","name":"skreta.cz","logo":{"@type":"ImageObject","@id":"\/logo.png","url":"\/logo.png","width":600,"height":60}},"image":null,"wordCount":202,"keywords":null},{"@type":"Article","@id":"https:\/\/www.skreta.cz\/laka-vas-mit-doma-neco-luxusniho-a-krasneho\/","headline":"L\u00e1k\u00e1 v\u00e1s m\u00edt doma n\u011bco luxusn\u00edho a kr\u00e1sn\u00e9ho?","url":"https:\/\/www.skreta.cz\/laka-vas-mit-doma-neco-luxusniho-a-krasneho\/","datePublished":"2025-07-25","dateModified":"2025-07-25","mainEntityOfPage":"https:\/\/www.skreta.cz\/laka-vas-mit-doma-neco-luxusniho-a-krasneho\/","author":{"@type":"Person","@id":"https:\/\/www.skreta.cz\/author\/devene\/#Person","name":"devene","url":"https:\/\/www.skreta.cz\/author\/devene\/","identifier":1,"image":{"@type":"ImageObject","@id":"https:\/\/secure.gravatar.com\/avatar\/bf8a2da9791e94b6eb5cec245ee5eeceecb651e79e829278e2c546441579397e?s=96&d=mm&r=g","url":"https:\/\/secure.gravatar.com\/avatar\/bf8a2da9791e94b6eb5cec245ee5eeceecb651e79e829278e2c546441579397e?s=96&d=mm&r=g","height":96,"width":96}},"publisher":{"@type":"Organization","name":"skreta.cz","logo":{"@type":"ImageObject","@id":"\/logo.png","url":"\/logo.png","width":600,"height":60}},"image":null,"wordCount":263,"keywords":null},{"@type":"Article","@id":"https:\/\/www.skreta.cz\/opravdu-dokonaly-tip\/","headline":"Opravdu dokonal\u00fd tip","url":"https:\/\/www.skreta.cz\/opravdu-dokonaly-tip\/","datePublished":"2025-07-20","dateModified":"2025-07-20","mainEntityOfPage":"https:\/\/www.skreta.cz\/opravdu-dokonaly-tip\/","author":{"@type":"Person","@id":"https:\/\/www.skreta.cz\/author\/devene\/#Person","name":"devene","url":"https:\/\/www.skreta.cz\/author\/devene\/","identifier":1,"image":{"@type":"ImageObject","@id":"https:\/\/secure.gravatar.com\/avatar\/bf8a2da9791e94b6eb5cec245ee5eeceecb651e79e829278e2c546441579397e?s=96&d=mm&r=g","url":"https:\/\/secure.gravatar.com\/avatar\/bf8a2da9791e94b6eb5cec245ee5eeceecb651e79e829278e2c546441579397e?s=96&d=mm&r=g","height":96,"width":96}},"publisher":{"@type":"Organization","name":"skreta.cz","logo":{"@type":"ImageObject","@id":"\/logo.png","url":"\/logo.png","width":600,"height":60}},"image":null,"wordCount":208,"keywords":null}]},{"@context":"https:\/\/schema.org","@type":"WebSite","@id":"https:\/\/www.skreta.cz\/#website","name":"Skreta","url":"https:\/\/www.skreta.cz","potentialAction":{"@type":"SearchAction","target":"https:\/\/www.skreta.cz\/?s={search_term_string}","query-input":"required name=search_term_string"}}]